{"id":13502,"date":"2021-07-01T15:17:52","date_gmt":"2021-07-01T13:17:52","guid":{"rendered":"https:\/\/cc.markeasy.lu\/neues-restaurant-fuer-campus-contern\/"},"modified":"2026-04-17T16:59:13","modified_gmt":"2026-04-17T14:59:13","slug":"neues-restaurant-fuer-campus-contern","status":"publish","type":"post","link":"https:\/\/campuscontern.lu\/de\/aktuelles\/neues-restaurant-fuer-campus-contern\/","title":{"rendered":"Neues Restaurant f\u00fcr Campus Contern"},"content":{"rendered":"<h2>Nach 3 Jahren (sehr) guter Dienste wechselt unser Restaurant den Besitzer.<\/h2>\n<p>Ein qualitativ hochwertiges Gastronomieangebot ist f\u00fcr Campus Contern von entscheidender Bedeutung, um das Wohlbefinden unserer Mieter zu gew\u00e4hrleisten.<\/p>\n<p>Sie sind es gewohnt: frisch, gut, lokal, hausgemacht, Vielfalt und Geschmack! <\/p>\n<p>Ab dem 1. Juli \u00fcbergibt <a href=\"https:\/\/www.linkedin.com\/company\/nj%C3%B6rd\/\">Nj\u00f6rd<\/a> den Stab an Fresh &amp; Delicious, die mit abwechslungsreichen und vollst\u00e4ndigen Men\u00fcs, frischen Produkten, Sushi, Salaten, Paninis usw. sowie einem Caf\u00e9-Konzept von <a href=\"https:\/\/www.linkedin.com\/company\/seattle's-best-coffee\/\">Seattle&#8217;s Best Coffee<\/a> (dem kleinen Bruder von <a href=\"https:\/\/www.linkedin.com\/company\/starbucks\/\">Starbucks<\/a>) einziehen \u2026 kurzum, alles, was man braucht, um den Restaurantgutschein gut zu nutzen!<\/p>\n<p>Ein herzliches Dankesch\u00f6n an Nj\u00f6rd f\u00fcr die gute Zusammenarbeit in den letzten 3 Jahren und ihre Bem\u00fchungen, den Service w\u00e4hrend der Covid-Zeit aufrechtzuerhalten. Wir w\u00fcnschen ihnen alles Gute mit ihren anderen Restaurants und dem brandneuen Brasserie-Chic-Konzept Le Dindon Dodu in Niederkorn. <\/p>\n","protected":false},"excerpt":{"rendered":"<p>Nach 3 Jahren (sehr) guter Dienste wechselt unser Restaurant den Besitzer. Ein qualitativ hochwertiges Gastronomieangebot ist f\u00fcr Campus Contern von entscheidender Bedeutung, um das Wohlbefinden unserer Mieter zu gew\u00e4hrleisten. Sie sind es gewohnt: frisch, gut, lokal, hausgemacht, Vielfalt und Geschmack! Ab dem 1. Juli \u00fcbergibt Nj\u00f6rd den Stab an Fresh &amp; Delicious, die mit abwechslungsreichen [&hellip;]<\/p>\n","protected":false},"author":1,"featured_media":13503,"comment_status":"closed","ping_status":"closed","sticky":false,"template":"","format":"standard","meta":{"_acf_changed":false,"ocean_post_layout":"","ocean_both_sidebars_style":"","ocean_both_sidebars_content_width":0,"ocean_both_sidebars_sidebars_width":0,"ocean_sidebar":"","ocean_second_sidebar":"","ocean_disable_margins":"enable","ocean_add_body_class":"","ocean_shortcode_before_top_bar":"","ocean_shortcode_after_top_bar":"","ocean_shortcode_before_header":"","ocean_shortcode_after_header":"","ocean_has_shortcode":"","ocean_shortcode_after_title":"","ocean_shortcode_before_footer_widgets":"","ocean_shortcode_after_footer_widgets":"","ocean_shortcode_before_footer_bottom":"","ocean_shortcode_after_footer_bottom":"","ocean_display_top_bar":"default","ocean_display_header":"default","ocean_header_style":"","ocean_center_header_left_menu":"","ocean_custom_header_template":"","ocean_custom_logo":0,"ocean_custom_retina_logo":0,"ocean_custom_logo_max_width":0,"ocean_custom_logo_tablet_max_width":0,"ocean_custom_logo_mobile_max_width":0,"ocean_custom_logo_max_height":0,"ocean_custom_logo_tablet_max_height":0,"ocean_custom_logo_mobile_max_height":0,"ocean_header_custom_menu":"","ocean_menu_typo_font_family":"","ocean_menu_typo_font_subset":"","ocean_menu_typo_font_size":0,"ocean_menu_typo_font_size_tablet":0,"ocean_menu_typo_font_size_mobile":0,"ocean_menu_typo_font_size_unit":"px","ocean_menu_typo_font_weight":"","ocean_menu_typo_font_weight_tablet":"","ocean_menu_typo_font_weight_mobile":"","ocean_menu_typo_transform":"","ocean_menu_typo_transform_tablet":"","ocean_menu_typo_transform_mobile":"","ocean_menu_typo_line_height":0,"ocean_menu_typo_line_height_tablet":0,"ocean_menu_typo_line_height_mobile":0,"ocean_menu_typo_line_height_unit":"","ocean_menu_typo_spacing":0,"ocean_menu_typo_spacing_tablet":0,"ocean_menu_typo_spacing_mobile":0,"ocean_menu_typo_spacing_unit":"","ocean_menu_link_color":"","ocean_menu_link_color_hover":"","ocean_menu_link_color_active":"","ocean_menu_link_background":"","ocean_menu_link_hover_background":"","ocean_menu_link_active_background":"","ocean_menu_social_links_bg":"","ocean_menu_social_hover_links_bg":"","ocean_menu_social_links_color":"","ocean_menu_social_hover_links_color":"","ocean_disable_title":"default","ocean_disable_heading":"default","ocean_post_title":"","ocean_post_subheading":"","ocean_post_title_style":"","ocean_post_title_background_color":"","ocean_post_title_background":0,"ocean_post_title_bg_image_position":"","ocean_post_title_bg_image_attachment":"","ocean_post_title_bg_image_repeat":"","ocean_post_title_bg_image_size":"","ocean_post_title_height":0,"ocean_post_title_bg_overlay":0.5,"ocean_post_title_bg_overlay_color":"","ocean_disable_breadcrumbs":"default","ocean_breadcrumbs_color":"","ocean_breadcrumbs_separator_color":"","ocean_breadcrumbs_links_color":"","ocean_breadcrumbs_links_hover_color":"","ocean_display_footer_widgets":"default","ocean_display_footer_bottom":"default","ocean_custom_footer_template":"","ocean_post_oembed":"","ocean_post_self_hosted_media":"","ocean_post_video_embed":"","ocean_link_format":"","ocean_link_format_target":"self","ocean_quote_format":"","ocean_quote_format_link":"post","ocean_gallery_link_images":"on","ocean_gallery_id":[],"footnotes":""},"categories":[254],"tags":[],"class_list":["post-13502","post","type-post","status-publish","format-standard","has-post-thumbnail","hentry","category-aktuelles","entry","has-media"],"acf":[],"yoast_head":"<!-- This site is optimized with the Yoast SEO plugin v27.4 - https:\/\/yoast.com\/product\/yoast-seo-wordpress\/ -->\n<title>Neues Restaurant f\u00fcr Campus Contern - Campus Contern<\/title>\n<meta name=\"robots\" content=\"noindex, follow, max-snippet:-1, max-image-preview:large, max-video-preview:-1\" \/>\n<meta property=\"og:locale\" content=\"de_DE\" \/>\n<meta property=\"og:type\" content=\"article\" \/>\n<meta property=\"og:title\" content=\"Neues Restaurant f\u00fcr Campus Contern - Campus Contern\" \/>\n<meta property=\"og:description\" content=\"Nach 3 Jahren (sehr) guter Dienste wechselt unser Restaurant den Besitzer. Ein qualitativ hochwertiges Gastronomieangebot ist f\u00fcr Campus Contern von entscheidender Bedeutung, um das Wohlbefinden unserer Mieter zu gew\u00e4hrleisten. Sie sind es gewohnt: frisch, gut, lokal, hausgemacht, Vielfalt und Geschmack! Ab dem 1. Juli \u00fcbergibt Nj\u00f6rd den Stab an Fresh &amp; Delicious, die mit abwechslungsreichen [&hellip;]\" \/>\n<meta property=\"og:url\" content=\"https:\/\/campuscontern.lu\/de\/aktuelles\/neues-restaurant-fuer-campus-contern\/\" \/>\n<meta property=\"og:site_name\" content=\"Campus Contern\" \/>\n<meta property=\"article:published_time\" content=\"2021-07-01T13:17:52+00:00\" \/>\n<meta property=\"article:modified_time\" content=\"2026-04-17T14:59:13+00:00\" \/>\n<meta property=\"og:image\" content=\"https:\/\/campuscontern.lu\/wp-content\/uploads\/2026\/04\/FOS_campus-contern_restaurant-1.png\" \/>\n\t<meta property=\"og:image:width\" content=\"1080\" \/>\n\t<meta property=\"og:image:height\" content=\"1350\" \/>\n\t<meta property=\"og:image:type\" content=\"image\/png\" \/>\n<meta name=\"author\" content=\"admin\" \/>\n<meta name=\"twitter:card\" content=\"summary_large_image\" \/>\n<meta name=\"twitter:label1\" content=\"Verfasst von\" \/>\n\t<meta name=\"twitter:data1\" content=\"admin\" \/>\n\t<meta name=\"twitter:label2\" content=\"Gesch\u00e4tzte Lesezeit\" \/>\n\t<meta name=\"twitter:data2\" content=\"1\u00a0Minute\" \/>\n<script type=\"application\/ld+json\" class=\"yoast-schema-graph\">{\"@context\":\"https:\\\/\\\/schema.org\",\"@graph\":[{\"@type\":\"Article\",\"@id\":\"https:\\\/\\\/campuscontern.lu\\\/de\\\/aktuelles\\\/neues-restaurant-fuer-campus-contern\\\/#article\",\"isPartOf\":{\"@id\":\"https:\\\/\\\/campuscontern.lu\\\/de\\\/aktuelles\\\/neues-restaurant-fuer-campus-contern\\\/\"},\"author\":{\"name\":\"admin\",\"@id\":\"https:\\\/\\\/campuscontern.lu\\\/de\\\/#\\\/schema\\\/person\\\/462336658fc158f425b7b47a82ece390\"},\"headline\":\"Neues Restaurant f\u00fcr Campus Contern\",\"datePublished\":\"2021-07-01T13:17:52+00:00\",\"dateModified\":\"2026-04-17T14:59:13+00:00\",\"mainEntityOfPage\":{\"@id\":\"https:\\\/\\\/campuscontern.lu\\\/de\\\/aktuelles\\\/neues-restaurant-fuer-campus-contern\\\/\"},\"wordCount\":145,\"image\":{\"@id\":\"https:\\\/\\\/campuscontern.lu\\\/de\\\/aktuelles\\\/neues-restaurant-fuer-campus-contern\\\/#primaryimage\"},\"thumbnailUrl\":\"https:\\\/\\\/campuscontern.lu\\\/wp-content\\\/uploads\\\/2026\\\/04\\\/FOS_campus-contern_restaurant-1.png\",\"articleSection\":[\"Aktuelles\"],\"inLanguage\":\"de\"},{\"@type\":\"WebPage\",\"@id\":\"https:\\\/\\\/campuscontern.lu\\\/de\\\/aktuelles\\\/neues-restaurant-fuer-campus-contern\\\/\",\"url\":\"https:\\\/\\\/campuscontern.lu\\\/de\\\/aktuelles\\\/neues-restaurant-fuer-campus-contern\\\/\",\"name\":\"Neues Restaurant f\u00fcr Campus Contern - Campus Contern\",\"isPartOf\":{\"@id\":\"https:\\\/\\\/campuscontern.lu\\\/de\\\/#website\"},\"primaryImageOfPage\":{\"@id\":\"https:\\\/\\\/campuscontern.lu\\\/de\\\/aktuelles\\\/neues-restaurant-fuer-campus-contern\\\/#primaryimage\"},\"image\":{\"@id\":\"https:\\\/\\\/campuscontern.lu\\\/de\\\/aktuelles\\\/neues-restaurant-fuer-campus-contern\\\/#primaryimage\"},\"thumbnailUrl\":\"https:\\\/\\\/campuscontern.lu\\\/wp-content\\\/uploads\\\/2026\\\/04\\\/FOS_campus-contern_restaurant-1.png\",\"datePublished\":\"2021-07-01T13:17:52+00:00\",\"dateModified\":\"2026-04-17T14:59:13+00:00\",\"author\":{\"@id\":\"https:\\\/\\\/campuscontern.lu\\\/de\\\/#\\\/schema\\\/person\\\/462336658fc158f425b7b47a82ece390\"},\"breadcrumb\":{\"@id\":\"https:\\\/\\\/campuscontern.lu\\\/de\\\/aktuelles\\\/neues-restaurant-fuer-campus-contern\\\/#breadcrumb\"},\"inLanguage\":\"de\",\"potentialAction\":[{\"@type\":\"ReadAction\",\"target\":[\"https:\\\/\\\/campuscontern.lu\\\/de\\\/aktuelles\\\/neues-restaurant-fuer-campus-contern\\\/\"]}]},{\"@type\":\"ImageObject\",\"inLanguage\":\"de\",\"@id\":\"https:\\\/\\\/campuscontern.lu\\\/de\\\/aktuelles\\\/neues-restaurant-fuer-campus-contern\\\/#primaryimage\",\"url\":\"https:\\\/\\\/campuscontern.lu\\\/wp-content\\\/uploads\\\/2026\\\/04\\\/FOS_campus-contern_restaurant-1.png\",\"contentUrl\":\"https:\\\/\\\/campuscontern.lu\\\/wp-content\\\/uploads\\\/2026\\\/04\\\/FOS_campus-contern_restaurant-1.png\",\"width\":1080,\"height\":1350},{\"@type\":\"BreadcrumbList\",\"@id\":\"https:\\\/\\\/campuscontern.lu\\\/de\\\/aktuelles\\\/neues-restaurant-fuer-campus-contern\\\/#breadcrumb\",\"itemListElement\":[{\"@type\":\"ListItem\",\"position\":1,\"name\":\"Accueil\",\"item\":\"https:\\\/\\\/campuscontern.lu\\\/de\\\/startseite\\\/\"},{\"@type\":\"ListItem\",\"position\":2,\"name\":\"Neues Restaurant f\u00fcr Campus Contern\"}]},{\"@type\":\"WebSite\",\"@id\":\"https:\\\/\\\/campuscontern.lu\\\/de\\\/#website\",\"url\":\"https:\\\/\\\/campuscontern.lu\\\/de\\\/\",\"name\":\"Campus Contern\",\"description\":\"Location bureaux Luxembourg\",\"potentialAction\":[{\"@type\":\"SearchAction\",\"target\":{\"@type\":\"EntryPoint\",\"urlTemplate\":\"https:\\\/\\\/campuscontern.lu\\\/de\\\/?s={search_term_string}\"},\"query-input\":{\"@type\":\"PropertyValueSpecification\",\"valueRequired\":true,\"valueName\":\"search_term_string\"}}],\"inLanguage\":\"de\"},{\"@type\":\"Person\",\"@id\":\"https:\\\/\\\/campuscontern.lu\\\/de\\\/#\\\/schema\\\/person\\\/462336658fc158f425b7b47a82ece390\",\"name\":\"admin\",\"sameAs\":[\"https:\\\/\\\/campuscontern.lu\"],\"url\":\"https:\\\/\\\/campuscontern.lu\\\/de\\\/author\\\/markeasy\\\/\"}]}<\/script>\n<!-- \/ Yoast SEO plugin. -->","yoast_head_json":{"title":"Neues Restaurant f\u00fcr Campus Contern - Campus Contern","robots":{"index":"noindex","follow":"follow","max-snippet":"max-snippet:-1","max-image-preview":"max-image-preview:large","max-video-preview":"max-video-preview:-1"},"og_locale":"de_DE","og_type":"article","og_title":"Neues Restaurant f\u00fcr Campus Contern - Campus Contern","og_description":"Nach 3 Jahren (sehr) guter Dienste wechselt unser Restaurant den Besitzer. Ein qualitativ hochwertiges Gastronomieangebot ist f\u00fcr Campus Contern von entscheidender Bedeutung, um das Wohlbefinden unserer Mieter zu gew\u00e4hrleisten. Sie sind es gewohnt: frisch, gut, lokal, hausgemacht, Vielfalt und Geschmack! Ab dem 1. Juli \u00fcbergibt Nj\u00f6rd den Stab an Fresh &amp; Delicious, die mit abwechslungsreichen [&hellip;]","og_url":"https:\/\/campuscontern.lu\/de\/aktuelles\/neues-restaurant-fuer-campus-contern\/","og_site_name":"Campus Contern","article_published_time":"2021-07-01T13:17:52+00:00","article_modified_time":"2026-04-17T14:59:13+00:00","og_image":[{"width":1080,"height":1350,"url":"https:\/\/campuscontern.lu\/wp-content\/uploads\/2026\/04\/FOS_campus-contern_restaurant-1.png","type":"image\/png"}],"author":"admin","twitter_card":"summary_large_image","twitter_misc":{"Verfasst von":"admin","Gesch\u00e4tzte Lesezeit":"1\u00a0Minute"},"schema":{"@context":"https:\/\/schema.org","@graph":[{"@type":"Article","@id":"https:\/\/campuscontern.lu\/de\/aktuelles\/neues-restaurant-fuer-campus-contern\/#article","isPartOf":{"@id":"https:\/\/campuscontern.lu\/de\/aktuelles\/neues-restaurant-fuer-campus-contern\/"},"author":{"name":"admin","@id":"https:\/\/campuscontern.lu\/de\/#\/schema\/person\/462336658fc158f425b7b47a82ece390"},"headline":"Neues Restaurant f\u00fcr Campus Contern","datePublished":"2021-07-01T13:17:52+00:00","dateModified":"2026-04-17T14:59:13+00:00","mainEntityOfPage":{"@id":"https:\/\/campuscontern.lu\/de\/aktuelles\/neues-restaurant-fuer-campus-contern\/"},"wordCount":145,"image":{"@id":"https:\/\/campuscontern.lu\/de\/aktuelles\/neues-restaurant-fuer-campus-contern\/#primaryimage"},"thumbnailUrl":"https:\/\/campuscontern.lu\/wp-content\/uploads\/2026\/04\/FOS_campus-contern_restaurant-1.png","articleSection":["Aktuelles"],"inLanguage":"de"},{"@type":"WebPage","@id":"https:\/\/campuscontern.lu\/de\/aktuelles\/neues-restaurant-fuer-campus-contern\/","url":"https:\/\/campuscontern.lu\/de\/aktuelles\/neues-restaurant-fuer-campus-contern\/","name":"Neues Restaurant f\u00fcr Campus Contern - Campus Contern","isPartOf":{"@id":"https:\/\/campuscontern.lu\/de\/#website"},"primaryImageOfPage":{"@id":"https:\/\/campuscontern.lu\/de\/aktuelles\/neues-restaurant-fuer-campus-contern\/#primaryimage"},"image":{"@id":"https:\/\/campuscontern.lu\/de\/aktuelles\/neues-restaurant-fuer-campus-contern\/#primaryimage"},"thumbnailUrl":"https:\/\/campuscontern.lu\/wp-content\/uploads\/2026\/04\/FOS_campus-contern_restaurant-1.png","datePublished":"2021-07-01T13:17:52+00:00","dateModified":"2026-04-17T14:59:13+00:00","author":{"@id":"https:\/\/campuscontern.lu\/de\/#\/schema\/person\/462336658fc158f425b7b47a82ece390"},"breadcrumb":{"@id":"https:\/\/campuscontern.lu\/de\/aktuelles\/neues-restaurant-fuer-campus-contern\/#breadcrumb"},"inLanguage":"de","potentialAction":[{"@type":"ReadAction","target":["https:\/\/campuscontern.lu\/de\/aktuelles\/neues-restaurant-fuer-campus-contern\/"]}]},{"@type":"ImageObject","inLanguage":"de","@id":"https:\/\/campuscontern.lu\/de\/aktuelles\/neues-restaurant-fuer-campus-contern\/#primaryimage","url":"https:\/\/campuscontern.lu\/wp-content\/uploads\/2026\/04\/FOS_campus-contern_restaurant-1.png","contentUrl":"https:\/\/campuscontern.lu\/wp-content\/uploads\/2026\/04\/FOS_campus-contern_restaurant-1.png","width":1080,"height":1350},{"@type":"BreadcrumbList","@id":"https:\/\/campuscontern.lu\/de\/aktuelles\/neues-restaurant-fuer-campus-contern\/#breadcrumb","itemListElement":[{"@type":"ListItem","position":1,"name":"Accueil","item":"https:\/\/campuscontern.lu\/de\/startseite\/"},{"@type":"ListItem","position":2,"name":"Neues Restaurant f\u00fcr Campus Contern"}]},{"@type":"WebSite","@id":"https:\/\/campuscontern.lu\/de\/#website","url":"https:\/\/campuscontern.lu\/de\/","name":"Campus Contern","description":"Location bureaux Luxembourg","potentialAction":[{"@type":"SearchAction","target":{"@type":"EntryPoint","urlTemplate":"https:\/\/campuscontern.lu\/de\/?s={search_term_string}"},"query-input":{"@type":"PropertyValueSpecification","valueRequired":true,"valueName":"search_term_string"}}],"inLanguage":"de"},{"@type":"Person","@id":"https:\/\/campuscontern.lu\/de\/#\/schema\/person\/462336658fc158f425b7b47a82ece390","name":"admin","sameAs":["https:\/\/campuscontern.lu"],"url":"https:\/\/campuscontern.lu\/de\/author\/markeasy\/"}]}},"_links":{"self":[{"href":"https:\/\/campuscontern.lu\/de\/wp-json\/wp\/v2\/posts\/13502","targetHints":{"allow":["GET"]}}],"collection":[{"href":"https:\/\/campuscontern.lu\/de\/wp-json\/wp\/v2\/posts"}],"about":[{"href":"https:\/\/campuscontern.lu\/de\/wp-json\/wp\/v2\/types\/post"}],"author":[{"embeddable":true,"href":"https:\/\/campuscontern.lu\/de\/wp-json\/wp\/v2\/users\/1"}],"replies":[{"embeddable":true,"href":"https:\/\/campuscontern.lu\/de\/wp-json\/wp\/v2\/comments?post=13502"}],"version-history":[{"count":1,"href":"https:\/\/campuscontern.lu\/de\/wp-json\/wp\/v2\/posts\/13502\/revisions"}],"predecessor-version":[{"id":13531,"href":"https:\/\/campuscontern.lu\/de\/wp-json\/wp\/v2\/posts\/13502\/revisions\/13531"}],"wp:featuredmedia":[{"embeddable":true,"href":"https:\/\/campuscontern.lu\/de\/wp-json\/wp\/v2\/media\/13503"}],"wp:attachment":[{"href":"https:\/\/campuscontern.lu\/de\/wp-json\/wp\/v2\/media?parent=13502"}],"wp:term":[{"taxonomy":"category","embeddable":true,"href":"https:\/\/campuscontern.lu\/de\/wp-json\/wp\/v2\/categories?post=13502"},{"taxonomy":"post_tag","embeddable":true,"href":"https:\/\/campuscontern.lu\/de\/wp-json\/wp\/v2\/tags?post=13502"}],"curies":[{"name":"wp","href":"https:\/\/api.w.org\/{rel}","templated":true}]}}